{"id":36004,"date":"2025-03-24T12:39:05","date_gmt":"2025-03-24T11:39:05","guid":{"rendered":"https:\/\/klf.fr\/the-power-of-neuroscience-erasmus-plus\/"},"modified":"2025-03-25T14:52:19","modified_gmt":"2025-03-25T13:52:19","slug":"the-power-of-neuroscience-erasmus-plus","status":"publish","type":"post","link":"https:\/\/klf.fr\/fr\/the-power-of-neuroscience-erasmus-plus\/","title":{"rendered":"Le pouvoir des neurosciences dans l&rsquo;enseignement des langues \u00e9trang\u00e8res"},"content":{"rendered":"\n<h3 class=\"wp-block-heading\"><strong>Une formation Erasmus+ innovatrice et diff\u00e9renciatrice pour les enseignants et le personnel \u00e9ducatif<\/strong><\/h3>\n\n\n\n<p>\u00cates-vous un \u00e9ducateur qui cherche \u00e0 am\u00e9liorer les r\u00e9sultats de <strong> l&rsquo;apprentissage des langue<\/strong>s pour vos \u00e9l\u00e8ves ? Voulez-vous int\u00e9grer les derni\u00e8res strat\u00e9gies d&rsquo;enseignement bas\u00e9es sur les <strong>neurosciences <\/strong> dans votre classe ? Si c&rsquo;est le cas, notre cours <strong>Erasmus+ innovant de 25 heures<\/strong> est con\u00e7u pour vous !  <\/p>\n\n\n\n<p>Cette formation exclusive, con\u00e7ue pour les enseignants europ\u00e9ens et turcs avec un <strong> financement Erasmus+<\/strong>, propose une approche novatrice de <strong>l&rsquo;enseignement des langues \u00e9trang\u00e8res<\/strong> par le biais des neurosciences. Contrairement aux programmes traditionnels de formation des enseignants, ce cours offre des connaissances scientifiques de pointe pour aider les <strong>\u00e9ducateurs \u00e0 maximiser <\/strong> le potentiel d&rsquo;apprentissage de leurs \u00e9l\u00e8ves, qu&rsquo;il s&rsquo;agisse de jeunes apprenants ou de <strong> jeunes adultes.<\/strong> <\/p>\n\n\n\n<h3 class=\"wp-block-heading\"><strong>Pourquoi cette formation est-elle innovatrice et diff\u00e9renciatrice ?<\/strong><\/h3>\n\n\n\n<p>Dans le vaste paysage des <strong> cours de formation des enseignants Erasmus<\/strong>+, peu d&rsquo;entre eux, voire aucun, ne se concentrent sp\u00e9cifiquement sur la mani\u00e8re dont les <strong>neurosciences <\/strong> peuvent transformer l&rsquo;acquisition des langues \u00e9trang\u00e8res. Ce programme est con\u00e7u pour combler le foss\u00e9 entre la <strong>recherche scientifique et la pratique en classe<\/strong>, en dotant les enseignants de m\u00e9thodes pratiques et fond\u00e9es sur des preuves pour stimuler la <strong>r\u00e9tention de la m\u00e9moire, la motivation et la fluidit\u00e9.<\/strong><\/p>\n\n\n\n<h3 class=\"wp-block-heading\">En participant \u00e0 ce cours, les enseignants pourront:<\/h3>\n\n\n\n<p><br>\u2705Comprendre comment l<strong>e cerveau apprend les langues<\/strong> et comment appliquer ces connaissances \u00e0 leur enseignement.<br>\u2705 Explorer la <strong>neuroplasticit\u00e9 <\/strong> et la fa\u00e7on dont elle affecte l&rsquo;acquisition d&rsquo;une seconde langue.<br>\u2705 Apprendre des <strong>strat\u00e9gies pour am\u00e9liorer la r\u00e9tention de la m\u00e9moire <\/strong> en utilisant des techniques d&rsquo;enseignement respectueuses du cerveau.<br>\u2705 D\u00e9couvrir le r\u00f4le des <strong>\u00e9motions, de la motivation et de l&rsquo;interaction<\/strong> sociale dans l&rsquo;apprentissage efficace des langues.<br>\u2705 Mettre en <strong>\u0153uvre des techniques d&rsquo;apprentissage multisensorielles<\/strong> qui s&rsquo;alignent sur les sciences cognitives.<br>\u2705 Utiliser <strong> la correction des erreur<\/strong>s et le retour d&rsquo;information de mani\u00e8re \u00e0 renforcer l&rsquo;apprentissage plut\u00f4t que de cr\u00e9er de l&rsquo;anxi\u00e9t\u00e9.<br>\u2705 Appliquer <strong>la pratique de l&rsquo;espacemen<\/strong>t et de la r\u00e9cup\u00e9ration pour renforcer la r\u00e9tention \u00e0 long terme.<\/p>\n\n\n\n<h3 class=\"wp-block-heading\">Mais, de quelle mani\u00e8re ce stage transformera-t-il votre carri\u00e8re d&rsquo;enseignant?<strong> <\/strong><\/h3>\n\n\n\n<h4 class=\"wp-block-heading\">\ud83d\ude80 <strong>Une nouvelle approche, une nouvelle confiance<\/strong><\/h4>\n\n\n\n<p>Apr\u00e8s avoir suivi ce cours, vous ne vous reposerez plus sur des m\u00e9thodes d&rsquo;enseignement des langues d\u00e9pass\u00e9es. Vous gagnerez en confiance pour <strong>appliquer des techniques bas\u00e9es<\/strong> sur les neurosciences qui rendent l&rsquo;apprentissage des langues plus engageant, plus efficace et plus agr\u00e9able pour vos \u00e9tudiants. <\/p>\n\n\n\n<h4 class=\"wp-block-heading\">\ud83c\udfaf <strong> Un impact imm\u00e9diat en classe <\/strong><\/h4>\n\n\n\n<p>Vous repartirez avec des <strong>strat\u00e9gies <\/strong> concr\u00e8tes, pr\u00eates \u00e0 l&#8217;emploi, qui stimulent les performances des \u00e9tudiants dans <strong>l&rsquo;apprentissage <\/strong> des langues. Des techniques d&rsquo;am\u00e9lioration de la <strong>m\u00e9moire <\/strong> aux m\u00e9thodes d&rsquo;acquisition des langues sans stress, vos \u00e9tudiants apprendront plus vite et retiendront mieux. <\/p>\n\n\n\n<h4 class=\"wp-block-heading\">\ud83e\udde0 <strong> Une classe plus engag\u00e9e et motiv\u00e9e <\/strong><\/h4>\n\n\n\n<p>En int\u00e9grant des approches <strong>p\u00e9dagogiques <\/strong> respectueuses du cerveau, vous constaterez <strong>un changement significatif dans la motivation<\/strong> et la participation des \u00e9l\u00e8ves. Les neurosciences ont prouv\u00e9 que lorsque les \u00e9l\u00e8ves se sentent <strong>impliqu\u00e9s et connect\u00e9s \u00e9motionnellement<\/strong>, <strong>ils apprennent plus efficacement.<\/strong> <\/p>\n\n\n\n<h4 class=\"wp-block-heading\">\ud83c\udf0d <strong>Des opportunit\u00e9s de d\u00e9veloppement professionnel et de carri\u00e8re plus fortes <\/strong><\/h4>\n\n\n\n<p>Cette formation ne profite pas seulement \u00e0 vos \u00e9tudiants, <strong> elle \u00e9l\u00e8ve votre carri\u00e8re<\/strong>. Gr\u00e2ce \u00e0 votre expertise en <strong>neuro\u00e9ducation<\/strong>, vous vous distinguerez dans le r\u00e9seau d&rsquo;enseignement <strong>Erasmus<\/strong>+, vous serez reconnu comme un \u00e9ducateur <strong>innovant <\/strong> et vous ouvrirez de nouvelles portes \u00e0 la collaboration <strong>internationale<\/strong>. <\/p>\n\n\n\n<h4 class=\"wp-block-heading\">\ud83d\udca1 <strong>Apprentissage tout au long de la vie et am\u00e9lioration continue <\/strong><\/h4>\n\n\n\n<p>Une fois que vous aurez d\u00e9couvert le pouvoir des neurosciences dans l&rsquo;enseignement des langues, vous ne cesserez d&rsquo;explorer de nouvelles fa\u00e7ons d&rsquo;optimiser vos m\u00e9thodes <strong>d&rsquo;enseignement<\/strong>. Ce cours vous donne les bases d&rsquo;un d\u00e9veloppement professionnel continu, garantissant que votre enseignement reste \u00e0 la pointe de la <strong>technologie<\/strong>. <\/p>\n\n\n\n<h3 class=\"wp-block-heading\"><strong>Les neurosciences dans l&rsquo;apprentissage des langues \u00e9trang\u00e8res<\/strong><\/h3>\n\n\n\n<p>La recherche moderne en <strong>neuro\u00e9ducation <\/strong> met en \u00e9vidence les fonctions c\u00e9r\u00e9brales cl\u00e9s qui ont un impact sur l&rsquo;apprentissage des langues :<\/p>\n\n\n\n<h4 class=\"wp-block-heading\">\ud83e\udde0 <strong>Neuroplasticit\u00e9 et apprentissage des langues<\/strong><\/h4>\n\n\n\n<p>Selon le <strong>Dr Norman Doidge<\/strong>, auteur de <em>The Brain That Changes Itself<\/em>, le cerveau a une capacit\u00e9 <strong>extraordinaire <\/strong> \u00e0 se rec\u00e2bler par l&rsquo;apprentissage et la pratique. Cela signifie que <strong> l&rsquo;acquisition d&rsquo;une langue n&rsquo;est pas limit\u00e9e par l&rsquo;\u00e2ge<\/strong>, \u00e0 condition d&rsquo;utiliser les bonnes techniques. <\/p>\n\n\n\n<h4 class=\"wp-block-heading\">\ud83d\udde3\ufe0f <strong>Le pouvoir de l&rsquo;interaction sociale <\/strong><\/h4>\n\n\n\n<p>Des \u00e9tudes men\u00e9es par le <strong> Dr Patricia Kuhl <\/strong> (Universit\u00e9 de Washington) <strong> montrent que les neurones<\/strong> miroirs jouent un r\u00f4le cl\u00e9 dans l&rsquo;apprentissage des langues. Faire participer les \u00e9tudiants \u00e0 des exp\u00e9riences <strong>sociales et interactives am\u00e9liore la fluidit\u00e9 <\/strong> et la prononciation plus rapidement que l&rsquo;apprentissage passif. <\/p>\n\n\n\n<h4 class=\"wp-block-heading\">\ud83c\udfaf <strong>Motivation et engagement \u00e9motionnel <\/strong><\/h4>\n\n\n\n<p>Les recherches men\u00e9es par le <strong> Dr Mary Helen<\/strong> Immordino-Yang (Universit\u00e9 de Californie du Sud) d\u00e9montrent que les le\u00e7ons <strong>\u00e9motionnellement engageantes<\/strong> stimulent le syst\u00e8me limbique, ce qui rend l&rsquo;apprentissage plus efficace. Notre cours enseigne aux \u00e9ducateurs comment cr\u00e9er des le\u00e7ons stimulantes <strong>sur le plan \u00e9motionnel<\/strong> afin de maintenir la motivation des \u00e9l\u00e8ves. <\/p>\n\n\n\n<h3 class=\"wp-block-heading\"><strong>\u00c0 qui s&rsquo;adresse ce cours ?<\/strong><\/h3>\n\n\n\n<p>\ud83d\udd39 <strong>Enseignants de langues<\/strong> \u00e9trang\u00e8res (primaire, secondaire ou \u00e9ducation des adultes)<br>\ud83d\udd39 <strong> Formateurs d&rsquo;enseignants et coordinateurs acad\u00e9miques<\/strong>\ud83d\udd39 <strong>Directeurs d&rsquo;\u00e9cole et responsables de programmes linguistiques<br><\/strong>\ud83d\udd39 <strong>\u00c9ducateurs int\u00e9ress\u00e9s par la neuro\u00e9ducation<br><\/strong>\ud83d\udd39 <strong>Candidats Erasmus+ \u00e0 la recherche d&rsquo;une opportunit\u00e9 de formation innovante<\/strong><\/p>\n\n\n\n<h3 class=\"wp-block-heading\"><strong>Lieu du cours et d\u00e9tails pratiques<\/strong><\/h3>\n\n\n\n<p>\ud83d\udcc5 <strong>Date du cours<\/strong>: A partir du <strong>lundi 7 juillet 2025<br><\/strong>\ud83d\udccd <strong>Location<\/strong>: <strong>Bordeaux, France<br><\/strong>\ud83d\udde3\ufe0f <strong>Language of Instruction<\/strong>: Fran\u00e7ais (<strong>niveau B2 minimum requi<\/strong>s)<\/p>\n\n\n\n<p>Ce cours <strong>n&rsquo;est pas seulement destin\u00e9 aux professeurs<\/strong> de fran\u00e7ais, <strong> il est tr\u00e8s pertinent pour tout professeur de langue<\/strong>, tuteur ou personnel \u00e9ducatif int\u00e9ress\u00e9 par l&rsquo;int\u00e9gration des neurosciences dans l&rsquo;apprentissage des langues ou l&rsquo;\u00e9ducation en g\u00e9n\u00e9ral. Que vous enseigniez l&rsquo;anglais, l&rsquo;espagnol, l&rsquo;allemand ou toute autre langue, ou m\u00eame si vous travaillez dans l&rsquo;\u00e9ducation et souhaitez introduire des strat\u00e9gies d&rsquo;apprentissage bas\u00e9es sur les <strong>neurosciences<\/strong>, ce cours est con\u00e7u pour vous ! <\/p>\n\n\n\n<h3 class=\"wp-block-heading\"><strong>Participez \u00e0 un cours Erasmus+ pas comme les autres !<\/strong><\/h3>\n\n\n\n<p>Gr\u00e2ce au <strong> financement Erasmus+<\/strong>, les enseignants de toute l&rsquo;Europe et de la Turquie ont acc\u00e8s \u00e0 des possibilit\u00e9s de d\u00e9veloppement professionnel de premier ordre. Cependant, aucun autre <strong>cours Erasmus+ n&rsquo;offre cette approche<\/strong> unique des neurosciences et de l&rsquo;apprentissage des langues. C<strong>ette formation n&rsquo;est pas seulement th\u00e9orique<\/strong>, elle propose des strat\u00e9gies pratiques que les enseignants <strong> peuvent applique<\/strong>r <strong>imm\u00e9diatement<\/strong> dans leurs classes.  <\/p>\n\n\n\n<p>\ud83d\ude80 Ne manquez pas l&rsquo;occasion de <strong> r\u00e9volutionner vos m\u00e9thodes <\/strong> d&rsquo;enseignement et de faire b\u00e9n\u00e9ficier vos \u00e9l\u00e8ves <strong>des techniques d&rsquo;apprentissage<\/strong> bas\u00e9es sur le cerveau ! <\/p>\n\n\n\n<p>\ud83d\udd17 <strong> En savoir plus et s&rsquo;inscrire maintenan<\/strong>t <strong>:<\/strong>\ud83d\udc49<a href=\"https:\/\/erasmus.klf.fr\/the-science-of-learning\/\">Description du cours et formulaire d&rsquo;inscription<\/a><\/p>\n\n\n\n<p>\ud83d\udcc5 <strong> Nombre de places limit\u00e9<\/strong> &#8211; Postulez d\u00e8s aujourd&rsquo;hui !<\/p>\n","protected":false},"excerpt":{"rendered":"<p>Une formation Erasmus+ innovatrice et diff\u00e9renciatrice pour les enseignants et le personnel \u00e9ducatif \u00cates-vous un \u00e9ducateur qui cherche \u00e0 am\u00e9liorer les r\u00e9sultats de l&rsquo;apprentissage des langues pour vos \u00e9l\u00e8ves ? Voulez-vous int\u00e9grer les derni\u00e8res strat\u00e9gies d&rsquo;enseignement bas\u00e9es sur les neurosciences dans votre classe ? Si c&rsquo;est le cas, notre cours Erasmus+ innovant de 25 heures [&hellip;]<\/p>\n","protected":false},"author":11,"featured_media":35601,"comment_status":"closed","ping_status":"closed","sticky":false,"template":"","format":"standard","meta":{"content-type":"","footnotes":""},"categories":[144],"tags":[],"post_folder":[],"class_list":["post-36004","post","type-post","status-publish","format-standard","has-post-thumbnail","hentry","category-erasmus-fr"],"yoast_head":"<!-- This site is optimized with the Yoast SEO Premium plugin v27.4 (Yoast SEO v27.4) - https:\/\/yoast.com\/product\/yoast-seo-premium-wordpress\/ -->\n<title>Le pouvoir des neurosciences dans l&#039;enseignement des langues \u00e9trang\u00e8res - Keep Learning French<\/title>\n<meta name=\"robots\" content=\"index, follow, max-snippet:-1, max-image-preview:large, max-video-preview:-1\" \/>\n<link rel=\"canonical\" href=\"https:\/\/klf.fr\/fr\/the-power-of-neuroscience-erasmus-plus\/\" \/>\n<meta property=\"og:locale\" content=\"fr_FR\" \/>\n<meta property=\"og:type\" content=\"article\" \/>\n<meta property=\"og:title\" content=\"Le pouvoir des neurosciences dans l&#039;enseignement des langues \u00e9trang\u00e8res\" \/>\n<meta property=\"og:description\" content=\"Une formation Erasmus+ innovatrice et diff\u00e9renciatrice pour les enseignants et le personnel \u00e9ducatif \u00cates-vous un \u00e9ducateur qui cherche \u00e0 am\u00e9liorer les r\u00e9sultats de l&rsquo;apprentissage des langues pour vos \u00e9l\u00e8ves ? Voulez-vous int\u00e9grer les derni\u00e8res strat\u00e9gies d&rsquo;enseignement bas\u00e9es sur les neurosciences dans votre classe ? Si c&rsquo;est le cas, notre cours Erasmus+ innovant de 25 heures [&hellip;]\" \/>\n<meta property=\"og:url\" content=\"https:\/\/klf.fr\/fr\/the-power-of-neuroscience-erasmus-plus\/\" \/>\n<meta property=\"og:site_name\" content=\"Keep Learning French\" \/>\n<meta property=\"article:published_time\" content=\"2025-03-24T11:39:05+00:00\" \/>\n<meta property=\"article:modified_time\" content=\"2025-03-25T13:52:19+00:00\" \/>\n<meta property=\"og:image\" content=\"https:\/\/klf.fr\/wp-content\/uploads\/2025\/03\/The-learning-brain-r141ux390orkswdj2dvxmyovgrqgwa2epdznhhhnds.jpg\" \/>\n\t<meta property=\"og:image:width\" content=\"600\" \/>\n\t<meta property=\"og:image:height\" content=\"400\" \/>\n\t<meta property=\"og:image:type\" content=\"image\/jpeg\" \/>\n<meta name=\"author\" content=\"KeepLearningFrench\" \/>\n<meta name=\"twitter:card\" content=\"summary_large_image\" \/>\n<meta name=\"twitter:label1\" content=\"\u00c9crit par\" \/>\n\t<meta name=\"twitter:data1\" content=\"KeepLearningFrench\" \/>\n\t<meta name=\"twitter:label2\" content=\"Dur\u00e9e de lecture estim\u00e9e\" \/>\n\t<meta name=\"twitter:data2\" content=\"6 minutes\" \/>\n<script type=\"application\/ld+json\" class=\"yoast-schema-graph\">{\"@context\":\"https:\\\/\\\/schema.org\",\"@graph\":[{\"@type\":\"Article\",\"@id\":\"https:\\\/\\\/klf.fr\\\/fr\\\/the-power-of-neuroscience-erasmus-plus\\\/#article\",\"isPartOf\":{\"@id\":\"https:\\\/\\\/klf.fr\\\/fr\\\/the-power-of-neuroscience-erasmus-plus\\\/\"},\"author\":{\"name\":\"KeepLearningFrench\",\"@id\":\"https:\\\/\\\/klf.fr\\\/fr\\\/#\\\/schema\\\/person\\\/f1f70e9d81597fbc084994919b8c2594\"},\"headline\":\"Le pouvoir des neurosciences dans l&rsquo;enseignement des langues \u00e9trang\u00e8res\",\"datePublished\":\"2025-03-24T11:39:05+00:00\",\"dateModified\":\"2025-03-25T13:52:19+00:00\",\"mainEntityOfPage\":{\"@id\":\"https:\\\/\\\/klf.fr\\\/fr\\\/the-power-of-neuroscience-erasmus-plus\\\/\"},\"wordCount\":1190,\"publisher\":{\"@id\":\"https:\\\/\\\/klf.fr\\\/fr\\\/#organization\"},\"image\":{\"@id\":\"https:\\\/\\\/klf.fr\\\/fr\\\/the-power-of-neuroscience-erasmus-plus\\\/#primaryimage\"},\"thumbnailUrl\":\"https:\\\/\\\/klf.fr\\\/wp-content\\\/uploads\\\/2025\\\/03\\\/The-learning-brain-r141ux390orkswdj2dvxmyovgrqgwa2epdznhhhnds.jpg\",\"articleSection\":[\"Erasmus +\"],\"inLanguage\":\"fr-FR\",\"copyrightYear\":\"2025\",\"copyrightHolder\":{\"@id\":\"https:\\\/\\\/klf.fr\\\/#organization\"}},{\"@type\":\"WebPage\",\"@id\":\"https:\\\/\\\/klf.fr\\\/fr\\\/the-power-of-neuroscience-erasmus-plus\\\/\",\"url\":\"https:\\\/\\\/klf.fr\\\/fr\\\/the-power-of-neuroscience-erasmus-plus\\\/\",\"name\":\"Le pouvoir des neurosciences dans l'enseignement des langues \u00e9trang\u00e8res - Keep Learning French\",\"isPartOf\":{\"@id\":\"https:\\\/\\\/klf.fr\\\/fr\\\/#website\"},\"primaryImageOfPage\":{\"@id\":\"https:\\\/\\\/klf.fr\\\/fr\\\/the-power-of-neuroscience-erasmus-plus\\\/#primaryimage\"},\"image\":{\"@id\":\"https:\\\/\\\/klf.fr\\\/fr\\\/the-power-of-neuroscience-erasmus-plus\\\/#primaryimage\"},\"thumbnailUrl\":\"https:\\\/\\\/klf.fr\\\/wp-content\\\/uploads\\\/2025\\\/03\\\/The-learning-brain-r141ux390orkswdj2dvxmyovgrqgwa2epdznhhhnds.jpg\",\"datePublished\":\"2025-03-24T11:39:05+00:00\",\"dateModified\":\"2025-03-25T13:52:19+00:00\",\"breadcrumb\":{\"@id\":\"https:\\\/\\\/klf.fr\\\/fr\\\/the-power-of-neuroscience-erasmus-plus\\\/#breadcrumb\"},\"inLanguage\":\"fr-FR\",\"potentialAction\":[{\"@type\":\"ReadAction\",\"target\":[\"https:\\\/\\\/klf.fr\\\/fr\\\/the-power-of-neuroscience-erasmus-plus\\\/\"]}]},{\"@type\":\"ImageObject\",\"inLanguage\":\"fr-FR\",\"@id\":\"https:\\\/\\\/klf.fr\\\/fr\\\/the-power-of-neuroscience-erasmus-plus\\\/#primaryimage\",\"url\":\"https:\\\/\\\/klf.fr\\\/wp-content\\\/uploads\\\/2025\\\/03\\\/The-learning-brain-r141ux390orkswdj2dvxmyovgrqgwa2epdznhhhnds.jpg\",\"contentUrl\":\"https:\\\/\\\/klf.fr\\\/wp-content\\\/uploads\\\/2025\\\/03\\\/The-learning-brain-r141ux390orkswdj2dvxmyovgrqgwa2epdznhhhnds.jpg\",\"width\":600,\"height\":400},{\"@type\":\"BreadcrumbList\",\"@id\":\"https:\\\/\\\/klf.fr\\\/fr\\\/the-power-of-neuroscience-erasmus-plus\\\/#breadcrumb\",\"itemListElement\":[{\"@type\":\"ListItem\",\"position\":1,\"name\":\"Home\",\"item\":\"https:\\\/\\\/klf.fr\\\/fr\\\/home-2\\\/\"},{\"@type\":\"ListItem\",\"position\":2,\"name\":\"Le pouvoir des neurosciences dans l&#8217;enseignement des langues \u00e9trang\u00e8res\"}]},{\"@type\":\"WebSite\",\"@id\":\"https:\\\/\\\/klf.fr\\\/fr\\\/#website\",\"url\":\"https:\\\/\\\/klf.fr\\\/fr\\\/\",\"name\":\"Keep Learning French\",\"description\":\"Groupe d&#039;\u00e9coles de FLE en France.\",\"publisher\":{\"@id\":\"https:\\\/\\\/klf.fr\\\/fr\\\/#organization\"},\"potentialAction\":[{\"@type\":\"SearchAction\",\"target\":{\"@type\":\"EntryPoint\",\"urlTemplate\":\"https:\\\/\\\/klf.fr\\\/fr\\\/?s={search_term_string}\"},\"query-input\":{\"@type\":\"PropertyValueSpecification\",\"valueRequired\":true,\"valueName\":\"search_term_string\"}}],\"inLanguage\":\"fr-FR\"},{\"@type\":[\"Organization\",\"Place\"],\"@id\":\"https:\\\/\\\/klf.fr\\\/fr\\\/#organization\",\"name\":\"Keep Learning French\",\"url\":\"https:\\\/\\\/klf.fr\\\/fr\\\/\",\"logo\":{\"@id\":\"https:\\\/\\\/klf.fr\\\/fr\\\/the-power-of-neuroscience-erasmus-plus\\\/#local-main-organization-logo\"},\"image\":{\"@id\":\"https:\\\/\\\/klf.fr\\\/fr\\\/the-power-of-neuroscience-erasmus-plus\\\/#local-main-organization-logo\"},\"sameAs\":[\"https:\\\/\\\/linkedin.com\\\/school\\\/keep-learning-french\\\/\"],\"telephone\":[],\"openingHoursSpecification\":[{\"@type\":\"OpeningHoursSpecification\",\"dayOfWeek\":[\"Monday\",\"Tuesday\",\"Wednesday\",\"Thursday\",\"Friday\",\"Saturday\",\"Sunday\"],\"opens\":\"09:00\",\"closes\":\"17:00\"}]},{\"@type\":\"Person\",\"@id\":\"https:\\\/\\\/klf.fr\\\/fr\\\/#\\\/schema\\\/person\\\/f1f70e9d81597fbc084994919b8c2594\",\"name\":\"KeepLearningFrench\",\"image\":{\"@type\":\"ImageObject\",\"inLanguage\":\"fr-FR\",\"@id\":\"https:\\\/\\\/secure.gravatar.com\\\/avatar\\\/1aa06059600cda3e3c5670e0c113719029013ec63231c8fb860a9bc1a87c12e7?s=96&d=mm&r=g\",\"url\":\"https:\\\/\\\/secure.gravatar.com\\\/avatar\\\/1aa06059600cda3e3c5670e0c113719029013ec63231c8fb860a9bc1a87c12e7?s=96&d=mm&r=g\",\"contentUrl\":\"https:\\\/\\\/secure.gravatar.com\\\/avatar\\\/1aa06059600cda3e3c5670e0c113719029013ec63231c8fb860a9bc1a87c12e7?s=96&d=mm&r=g\",\"caption\":\"KeepLearningFrench\"},\"url\":\"https:\\\/\\\/klf.fr\\\/fr\\\/author\\\/admin11\\\/\"},{\"@type\":\"ImageObject\",\"inLanguage\":\"fr-FR\",\"@id\":\"https:\\\/\\\/klf.fr\\\/fr\\\/the-power-of-neuroscience-erasmus-plus\\\/#local-main-organization-logo\",\"url\":\"https:\\\/\\\/klf.fr\\\/wp-content\\\/uploads\\\/2020\\\/09\\\/klf-favicon.png\",\"contentUrl\":\"https:\\\/\\\/klf.fr\\\/wp-content\\\/uploads\\\/2020\\\/09\\\/klf-favicon.png\",\"width\":200,\"height\":200,\"caption\":\"Keep Learning French\"}]}<\/script>\n<!-- \/ Yoast SEO Premium plugin. -->","yoast_head_json":{"title":"Le pouvoir des neurosciences dans l'enseignement des langues \u00e9trang\u00e8res - Keep Learning French","robots":{"index":"index","follow":"follow","max-snippet":"max-snippet:-1","max-image-preview":"max-image-preview:large","max-video-preview":"max-video-preview:-1"},"canonical":"https:\/\/klf.fr\/fr\/the-power-of-neuroscience-erasmus-plus\/","og_locale":"fr_FR","og_type":"article","og_title":"Le pouvoir des neurosciences dans l'enseignement des langues \u00e9trang\u00e8res","og_description":"Une formation Erasmus+ innovatrice et diff\u00e9renciatrice pour les enseignants et le personnel \u00e9ducatif \u00cates-vous un \u00e9ducateur qui cherche \u00e0 am\u00e9liorer les r\u00e9sultats de l&rsquo;apprentissage des langues pour vos \u00e9l\u00e8ves ? Voulez-vous int\u00e9grer les derni\u00e8res strat\u00e9gies d&rsquo;enseignement bas\u00e9es sur les neurosciences dans votre classe ? Si c&rsquo;est le cas, notre cours Erasmus+ innovant de 25 heures [&hellip;]","og_url":"https:\/\/klf.fr\/fr\/the-power-of-neuroscience-erasmus-plus\/","og_site_name":"Keep Learning French","article_published_time":"2025-03-24T11:39:05+00:00","article_modified_time":"2025-03-25T13:52:19+00:00","og_image":[{"width":600,"height":400,"url":"https:\/\/klf.fr\/wp-content\/uploads\/2025\/03\/The-learning-brain-r141ux390orkswdj2dvxmyovgrqgwa2epdznhhhnds.jpg","type":"image\/jpeg"}],"author":"KeepLearningFrench","twitter_card":"summary_large_image","twitter_misc":{"\u00c9crit par":"KeepLearningFrench","Dur\u00e9e de lecture estim\u00e9e":"6 minutes"},"schema":{"@context":"https:\/\/schema.org","@graph":[{"@type":"Article","@id":"https:\/\/klf.fr\/fr\/the-power-of-neuroscience-erasmus-plus\/#article","isPartOf":{"@id":"https:\/\/klf.fr\/fr\/the-power-of-neuroscience-erasmus-plus\/"},"author":{"name":"KeepLearningFrench","@id":"https:\/\/klf.fr\/fr\/#\/schema\/person\/f1f70e9d81597fbc084994919b8c2594"},"headline":"Le pouvoir des neurosciences dans l&rsquo;enseignement des langues \u00e9trang\u00e8res","datePublished":"2025-03-24T11:39:05+00:00","dateModified":"2025-03-25T13:52:19+00:00","mainEntityOfPage":{"@id":"https:\/\/klf.fr\/fr\/the-power-of-neuroscience-erasmus-plus\/"},"wordCount":1190,"publisher":{"@id":"https:\/\/klf.fr\/fr\/#organization"},"image":{"@id":"https:\/\/klf.fr\/fr\/the-power-of-neuroscience-erasmus-plus\/#primaryimage"},"thumbnailUrl":"https:\/\/klf.fr\/wp-content\/uploads\/2025\/03\/The-learning-brain-r141ux390orkswdj2dvxmyovgrqgwa2epdznhhhnds.jpg","articleSection":["Erasmus +"],"inLanguage":"fr-FR","copyrightYear":"2025","copyrightHolder":{"@id":"https:\/\/klf.fr\/#organization"}},{"@type":"WebPage","@id":"https:\/\/klf.fr\/fr\/the-power-of-neuroscience-erasmus-plus\/","url":"https:\/\/klf.fr\/fr\/the-power-of-neuroscience-erasmus-plus\/","name":"Le pouvoir des neurosciences dans l'enseignement des langues \u00e9trang\u00e8res - Keep Learning French","isPartOf":{"@id":"https:\/\/klf.fr\/fr\/#website"},"primaryImageOfPage":{"@id":"https:\/\/klf.fr\/fr\/the-power-of-neuroscience-erasmus-plus\/#primaryimage"},"image":{"@id":"https:\/\/klf.fr\/fr\/the-power-of-neuroscience-erasmus-plus\/#primaryimage"},"thumbnailUrl":"https:\/\/klf.fr\/wp-content\/uploads\/2025\/03\/The-learning-brain-r141ux390orkswdj2dvxmyovgrqgwa2epdznhhhnds.jpg","datePublished":"2025-03-24T11:39:05+00:00","dateModified":"2025-03-25T13:52:19+00:00","breadcrumb":{"@id":"https:\/\/klf.fr\/fr\/the-power-of-neuroscience-erasmus-plus\/#breadcrumb"},"inLanguage":"fr-FR","potentialAction":[{"@type":"ReadAction","target":["https:\/\/klf.fr\/fr\/the-power-of-neuroscience-erasmus-plus\/"]}]},{"@type":"ImageObject","inLanguage":"fr-FR","@id":"https:\/\/klf.fr\/fr\/the-power-of-neuroscience-erasmus-plus\/#primaryimage","url":"https:\/\/klf.fr\/wp-content\/uploads\/2025\/03\/The-learning-brain-r141ux390orkswdj2dvxmyovgrqgwa2epdznhhhnds.jpg","contentUrl":"https:\/\/klf.fr\/wp-content\/uploads\/2025\/03\/The-learning-brain-r141ux390orkswdj2dvxmyovgrqgwa2epdznhhhnds.jpg","width":600,"height":400},{"@type":"BreadcrumbList","@id":"https:\/\/klf.fr\/fr\/the-power-of-neuroscience-erasmus-plus\/#breadcrumb","itemListElement":[{"@type":"ListItem","position":1,"name":"Home","item":"https:\/\/klf.fr\/fr\/home-2\/"},{"@type":"ListItem","position":2,"name":"Le pouvoir des neurosciences dans l&#8217;enseignement des langues \u00e9trang\u00e8res"}]},{"@type":"WebSite","@id":"https:\/\/klf.fr\/fr\/#website","url":"https:\/\/klf.fr\/fr\/","name":"Keep Learning French","description":"Groupe d&#039;\u00e9coles de FLE en France.","publisher":{"@id":"https:\/\/klf.fr\/fr\/#organization"},"potentialAction":[{"@type":"SearchAction","target":{"@type":"EntryPoint","urlTemplate":"https:\/\/klf.fr\/fr\/?s={search_term_string}"},"query-input":{"@type":"PropertyValueSpecification","valueRequired":true,"valueName":"search_term_string"}}],"inLanguage":"fr-FR"},{"@type":["Organization","Place"],"@id":"https:\/\/klf.fr\/fr\/#organization","name":"Keep Learning French","url":"https:\/\/klf.fr\/fr\/","logo":{"@id":"https:\/\/klf.fr\/fr\/the-power-of-neuroscience-erasmus-plus\/#local-main-organization-logo"},"image":{"@id":"https:\/\/klf.fr\/fr\/the-power-of-neuroscience-erasmus-plus\/#local-main-organization-logo"},"sameAs":["https:\/\/linkedin.com\/school\/keep-learning-french\/"],"telephone":[],"openingHoursSpecification":[{"@type":"OpeningHoursSpecification","dayOfWeek":["Monday","Tuesday","Wednesday","Thursday","Friday","Saturday","Sunday"],"opens":"09:00","closes":"17:00"}]},{"@type":"Person","@id":"https:\/\/klf.fr\/fr\/#\/schema\/person\/f1f70e9d81597fbc084994919b8c2594","name":"KeepLearningFrench","image":{"@type":"ImageObject","inLanguage":"fr-FR","@id":"https:\/\/secure.gravatar.com\/avatar\/1aa06059600cda3e3c5670e0c113719029013ec63231c8fb860a9bc1a87c12e7?s=96&d=mm&r=g","url":"https:\/\/secure.gravatar.com\/avatar\/1aa06059600cda3e3c5670e0c113719029013ec63231c8fb860a9bc1a87c12e7?s=96&d=mm&r=g","contentUrl":"https:\/\/secure.gravatar.com\/avatar\/1aa06059600cda3e3c5670e0c113719029013ec63231c8fb860a9bc1a87c12e7?s=96&d=mm&r=g","caption":"KeepLearningFrench"},"url":"https:\/\/klf.fr\/fr\/author\/admin11\/"},{"@type":"ImageObject","inLanguage":"fr-FR","@id":"https:\/\/klf.fr\/fr\/the-power-of-neuroscience-erasmus-plus\/#local-main-organization-logo","url":"https:\/\/klf.fr\/wp-content\/uploads\/2020\/09\/klf-favicon.png","contentUrl":"https:\/\/klf.fr\/wp-content\/uploads\/2020\/09\/klf-favicon.png","width":200,"height":200,"caption":"Keep Learning French"}]}},"_links":{"self":[{"href":"https:\/\/klf.fr\/fr\/wp-json\/wp\/v2\/posts\/36004","targetHints":{"allow":["GET"]}}],"collection":[{"href":"https:\/\/klf.fr\/fr\/wp-json\/wp\/v2\/posts"}],"about":[{"href":"https:\/\/klf.fr\/fr\/wp-json\/wp\/v2\/types\/post"}],"author":[{"embeddable":true,"href":"https:\/\/klf.fr\/fr\/wp-json\/wp\/v2\/users\/11"}],"replies":[{"embeddable":true,"href":"https:\/\/klf.fr\/fr\/wp-json\/wp\/v2\/comments?post=36004"}],"version-history":[{"count":0,"href":"https:\/\/klf.fr\/fr\/wp-json\/wp\/v2\/posts\/36004\/revisions"}],"wp:featuredmedia":[{"embeddable":true,"href":"https:\/\/klf.fr\/fr\/wp-json\/wp\/v2\/media\/35601"}],"wp:attachment":[{"href":"https:\/\/klf.fr\/fr\/wp-json\/wp\/v2\/media?parent=36004"}],"wp:term":[{"taxonomy":"category","embeddable":true,"href":"https:\/\/klf.fr\/fr\/wp-json\/wp\/v2\/categories?post=36004"},{"taxonomy":"post_tag","embeddable":true,"href":"https:\/\/klf.fr\/fr\/wp-json\/wp\/v2\/tags?post=36004"},{"taxonomy":"post_folder","embeddable":true,"href":"https:\/\/klf.fr\/fr\/wp-json\/wp\/v2\/post_folder?post=36004"}],"curies":[{"name":"wp","href":"https:\/\/api.w.org\/{rel}","templated":true}]}}