{"id":34455,"date":"2025-02-28T12:28:40","date_gmt":"2025-02-28T11:28:40","guid":{"rendered":"https:\/\/klf.fr\/pleine-conscience-dans-lenseignement-des-langues\/"},"modified":"2026-03-03T15:43:40","modified_gmt":"2026-03-03T14:43:40","slug":"pleine-conscience-dans-lenseignement-des-langues","status":"publish","type":"post","link":"https:\/\/klf.fr\/fr\/pleine-conscience-dans-lenseignement-des-langues\/","title":{"rendered":"Mindfulness in Education: A Proven Tool for Focus, Well-being, and Classroom Success"},"content":{"rendered":"\n<h2 class=\"wp-block-heading\"><strong>Qu\u2019est-ce que la pleine conscience en \u00e9ducation ?<\/strong><\/h2>\n\n\n\n<p>Avez-vous d\u00e9j\u00e0 ressenti du stress dans votre salle de classe ? Avez-vous du mal \u00e0 garder vos \u00e9l\u00e8ves concentr\u00e9s ou remarquez-vous que leurs \u00e9motions entravent leur apprentissage ? Si c\u2019est le cas, vous n\u2019\u00eates pas seul. Les enseignants du monde entier sont confront\u00e9s \u00e0 ces d\u00e9fis au quotidien. Mais que diriez-vous d\u2019une approche simple, valid\u00e9e par la recherche, pour cr\u00e9er un environnement d\u2019apprentissage plus calme, plus concentr\u00e9 et plus \u00e9quilibr\u00e9 sur le plan \u00e9motionnel ? C\u2019est l\u00e0 qu\u2019intervient la pleine conscience.<\/p>\n\n\n\n<p>La pleine conscience consiste \u00e0 \u00eatre pleinement pr\u00e9sent dans l\u2019instant, conscient de ses pens\u00e9es, de ses \u00e9motions et de son environnement, sans porter de jugement. Issue des techniques de m\u00e9ditation anciennes, elle est aujourd\u2019hui largement adopt\u00e9e en psychologie et en \u00e9ducation comme un outil pour <strong>r\u00e9duire le stress, am\u00e9liorer la concentration et favoriser le bien-\u00eatre \u00e9motionnel<\/strong>.<\/p>\n\n\n\n<p>Dans un cadre \u00e9ducatif, la pleine conscience peut se traduire par des activit\u00e9s telles que :<\/p>\n\n\n\n<p><br>\u2714\ufe0f Des <strong>exercices de respiration guid\u00e9e<\/strong> pour calmer l\u2019esprit et am\u00e9liorer la concentration.<br>\u2714\ufe0f Des <strong>scans corporels<\/strong> pour aider les \u00e9l\u00e8ves \u00e0 reconna\u00eetre les tensions et d\u00e9velopper une conscience physique.<br>\u2714\ufe0f Des <strong>courtes m\u00e9ditations<\/strong> favorisant la relaxation et la r\u00e9gulation \u00e9motionnelle.<br>\u2714\ufe0f Des <strong>exercices d\u2019\u00e9coute et de mouvement en pleine conscience<\/strong> pour cultiver l\u2019attention et l\u2019empathie.<\/p>\n\n\n\n<p>En int\u00e9grant ces techniques simples dans leur routine quotidienne, <strong>les enseignants et les \u00e9l\u00e8ves<\/strong> peuvent cr\u00e9er un environnement d\u2019apprentissage plus \u00e9quilibr\u00e9, concentr\u00e9 et r\u00e9silient.<\/p>\n\n\n\n<h2 class=\"wp-block-heading\">Les bienfaits pour les \u00e9l\u00e8ves<\/h2>\n\n\n\n<p>\ud83d\udd39 <strong>Anna Glumac<\/strong>, enseignante \u00e0 l\u2019\u00e9cole primaire St Joseph\u2019s \u00e0 Elsternwick, partage son exp\u00e9rience :<br><em>\u00ab\u00a0J\u2019utilise la pleine conscience comme un outil en d\u00e9but de journ\u00e9e, pour aider les enfants \u00e0 se recentrer et \u00e0 s\u2019ancrer.\u00a0\u00bb<\/em><br>Cette pratique simple permet aux \u00e9l\u00e8ves de commencer leur apprentissage dans un \u00e9tat <strong>calme et concentr\u00e9<\/strong>. (<a href=\"https:\/\/hundred.org\">hundred.org<\/a>)<\/p>\n\n\n\n<ul class=\"wp-block-list\">\n<li>\ud83d\udca1 <strong>Am\u00e9lioration de la concentration et des performances acad\u00e9miques<\/strong><\/li>\n\n\n\n<li>Les techniques de pleine conscience apprennent aux \u00e9l\u00e8ves \u00e0 mieux se conna\u00eetre et \u00e0 g\u00e9rer leurs \u00e9motions, ce qui am\u00e9liore leur <strong>attention et leurs r\u00e9sultats scolaires<\/strong>. (<a href=\"https:\/\/beanstack.com\">beanstack.com<\/a>)<\/li>\n\n\n\n<li>\ud83d\udca1 <strong>D\u00e9veloppement des comp\u00e9tences sociales et de la r\u00e9gulation \u00e9motionnelle<\/strong><\/li>\n\n\n\n<li>Une pratique r\u00e9guli\u00e8re de la pleine conscience est associ\u00e9e \u00e0 <strong>de meilleures interactions sociales et \u00e0 une gestion plus efficace des \u00e9motions<\/strong>. (<a href=\"https:\/\/waterford.org\">waterford.org<\/a>)<\/li>\n\n\n\n<li>\ud83d\udca1 <strong>R\u00e9duction du stress et de l\u2019anxi\u00e9t\u00e9<\/strong><\/li>\n\n\n\n<li>La pleine conscience aide les \u00e9l\u00e8ves \u00e0 d\u00e9velopper des <strong>strat\u00e9gies d\u2019adaptation<\/strong>, ce qui r\u00e9duit leur niveau de stress et leur anxi\u00e9t\u00e9. (<a href=\"https:\/\/waterford.org\">waterford.org<\/a>)<br><\/li>\n<\/ul>\n\n\n\n<p>\ud83d\udd39 Un \u00e9l\u00e8ve de 3\u1d49 ann\u00e9e de l\u2019\u00e9cole \u00e9l\u00e9mentaire Stevenson t\u00e9moigne :<br><em><strong>\u00ab\u00a0Merci de nous avoir appris la pleine conscience. J\u2019ai ador\u00e9 vous avoir en classe et je vais continuer \u00e0 me calmer en prenant de grandes respirations.\u00a0\u00bb<\/strong><\/em><br>Un bel exemple de la fa\u00e7on dont <strong>m\u00eame les jeunes enfants peuvent int\u00e9grer ces techniques<\/strong> pour g\u00e9rer leurs \u00e9motions. (<a href=\"https:\/\/missionbe.org\">missionbe.org<\/a>)<\/p>\n\n\n\n<h2 class=\"wp-block-heading\">Les bienfaits pour les enseignants<\/h2>\n\n\n\n<p>\ud83d\udd39 <strong>Sue D.<\/strong>, enseignante, partage son retour d\u2019exp\u00e9rience :<br><em><strong>\u00ab\u00a0Ce cours m\u2019a aid\u00e9e \u00e0 me sentir plus calme, plus concentr\u00e9e et \u00e0 penser plus clairement. Je prends de meilleures d\u00e9cisions, je dors mieux, je transforme mes relations et j\u2019ai plus d\u2019\u00e9nergie.\u00a0\u00bb<\/strong><\/em><br>Cela illustre comment la pleine conscience permet aux enseignants de <strong>maintenir un \u00e9tat mental \u00e9quilibr\u00e9 et un bien-\u00eatre g\u00e9n\u00e9ral<\/strong>. (<a href=\"https:\/\/embracemindfulness.org\">embracemindfulness.org<\/a>)<\/p>\n\n\n\n<p>\ud83d\udca1 <strong>R\u00e9duction du stress et de l\u2019\u00e9puisement professionnel<\/strong><\/p>\n\n\n\n<ul class=\"wp-block-list\">\n<li>Les enseignants form\u00e9s \u00e0 la pleine conscience signalent <strong>un niveau de stress plus faible et une diminution des sympt\u00f4mes de burn-out<\/strong>, rendant l\u2019enseignement plus durable. (<a href=\"https:\/\/pce.sandiego.edu\">pce.sandiego.edu<\/a>)<\/li>\n\n\n\n<li>\ud83d\udca1 <strong>Am\u00e9lioration de la gestion de classe<\/strong><\/li>\n\n\n\n<li>La pleine conscience renforce la <strong>relation enseignant-\u00e9l\u00e8ve<\/strong>, un facteur cl\u00e9 pour une gestion de classe efficace. (<a href=\"https:\/\/greatergood.berkeley.edu\">greatergood.berkeley.edu<\/a>)<\/li>\n\n\n\n<li>\ud83d\udca1 <strong>Bien-\u00eatre accru et efficacit\u00e9 p\u00e9dagogique<\/strong><\/li>\n\n\n\n<li>Les enseignants qui pratiquent r\u00e9guli\u00e8rement la pleine conscience ressentent un <strong>plus grand bien-\u00eatre<\/strong> et une plus grande confiance dans leur p\u00e9dagogie. (<a href=\"https:\/\/trepeducator.org\">trepeducator.org<\/a>)<br><\/li>\n<\/ul>\n\n\n\n<h2 class=\"wp-block-heading\">Une formation intensive en Pleine Conscience pour les enseignants<\/h2>\n\n\n\n<p>Pour les enseignants et \u00e9ducateurs souhaitant int\u00e9grer la pleine conscience dans leur salle de classe, une <strong>formation sp\u00e9cialis\u00e9e \u00ab\u00a0Mindfulness in Education\u00a0\u00bb<\/strong> aura lieu \u00e0 <strong>Bordeaux, France<\/strong>.<\/p>\n\n\n\n<p>\ud83d\udcc5 <strong>Date<\/strong> : du 14 au 18 juillet 2025<br>\ud83d\udccd <strong>Lieu<\/strong> : Bordeaux, France<br>\ud83d\udcdc <strong>Ouvert aux participants Erasmus+ et non-Erasmus<\/strong><\/p>\n\n\n\n<p>\ud83c\udfaf <strong>Ce que vous allez apprendre :<\/strong><\/p>\n\n\n\n<p><br>\u2714\ufe0f Des exercices de pleine conscience adapt\u00e9s aux salles de classe<\/p>\n\n\n\n<p><br>\u2714\ufe0f Des strat\u00e9gies pour <strong>favoriser la concentration, la r\u00e9gulation \u00e9motionnelle et le bien-\u00eatre des \u00e9l\u00e8ves<\/strong><\/p>\n\n\n\n<p>\u2714\ufe0fUne mise en pratique pour <strong>cr\u00e9er un environnement d\u2019apprentissage serein et efficace<\/strong><\/p>\n\n\n\n<p>\u00c0 l\u2019issue de cette formation, les enseignants repartiront avec <strong>des outils concrets<\/strong> pour transformer leur p\u00e9dagogie et cr\u00e9er un climat de classe <strong>plus harmonieux et moins stressant<\/strong> \u2013 aussi bien pour eux que pour leurs \u00e9l\u00e8ves.<\/p>\n\n\n\n<p><strong>\u27a1\ufe0f Plus d\u2019informations et inscriptions sur notre page de formation !<\/strong>For more information and enrollment details, visit our training page.<\/p>\n\n\n\n<h2 class=\"wp-block-heading\"><strong>Conclusion<\/strong><\/h2>\n\n\n\n<p>La pleine conscience <strong>n\u2019est pas une simple tendance<\/strong>, mais une approche valid\u00e9e scientifiquement qui am\u00e9liore <strong>l\u2019apprentissage, l\u2019intelligence \u00e9motionnelle et le bien-\u00eatre<\/strong> en milieu scolaire.<\/p>\n\n\n\n<p>En int\u00e9grant des pratiques de pleine conscience dans leurs cours, les enseignants peuvent cr\u00e9er <strong>un environnement d\u2019apprentissage plus positif, plus concentr\u00e9 et plus bienveillant<\/strong>, au b\u00e9n\u00e9fice de leurs \u00e9l\u00e8ves et d\u2019eux-m\u00eames.<\/p>\n\n\n\n<p><strong>Et si vous faisiez partie des enseignants qui int\u00e8grent ces outils innovants d\u00e8s cet \u00e9t\u00e9 ?<\/strong> \ud83c\udf3f\u2728<\/p>\n\n\n\n<p>\ud83d\udccc <strong>Rejoignez la formation <a href=\"https:\/\/erasmus.klf.fr\/fr\/la-pleine-conscience-dans-leducation\/\">\u00ab\u00a0Mindfulness in Education\u00a0\u00bb<\/a> \u00e0 Bordeaux et transformez votre p\u00e9dagogie !<\/strong><\/p>\n\n\n\n<p><\/p>\n\n\n\n<p><\/p>\n\n\n\n<p><\/p>\n","protected":false},"excerpt":{"rendered":"<p>Qu\u2019est-ce que la pleine conscience en \u00e9ducation ? Avez-vous d\u00e9j\u00e0 ressenti du stress dans votre salle de classe ? Avez-vous du mal \u00e0 garder vos \u00e9l\u00e8ves concentr\u00e9s ou remarquez-vous que leurs \u00e9motions entravent leur apprentissage ? Si c\u2019est le cas, vous n\u2019\u00eates pas seul. Les enseignants du monde entier sont confront\u00e9s \u00e0 ces d\u00e9fis au [&hellip;]<\/p>\n","protected":false},"author":11,"featured_media":34450,"comment_status":"closed","ping_status":"closed","sticky":false,"template":"","format":"standard","meta":{"content-type":"","footnotes":""},"categories":[144],"tags":[],"post_folder":[],"class_list":["post-34455","post","type-post","status-publish","format-standard","has-post-thumbnail","hentry","category-erasmus-fr"],"yoast_head":"<!-- This site is optimized with the Yoast SEO Premium plugin v27.4 (Yoast SEO v27.4) - https:\/\/yoast.com\/product\/yoast-seo-premium-wordpress\/ -->\n<title>Mindfulness in Education - Erasmus+<\/title>\n<meta name=\"robots\" content=\"index, follow, max-snippet:-1, max-image-preview:large, max-video-preview:-1\" \/>\n<link rel=\"canonical\" href=\"https:\/\/klf.fr\/fr\/pleine-conscience-dans-lenseignement-des-langues\/\" \/>\n<meta property=\"og:locale\" content=\"fr_FR\" \/>\n<meta property=\"og:type\" content=\"article\" \/>\n<meta property=\"og:title\" content=\"Mindfulness in Education: A Proven Tool for Focus, Well-being, and Classroom Success\" \/>\n<meta property=\"og:description\" content=\"Qu\u2019est-ce que la pleine conscience en \u00e9ducation ? Avez-vous d\u00e9j\u00e0 ressenti du stress dans votre salle de classe ? Avez-vous du mal \u00e0 garder vos \u00e9l\u00e8ves concentr\u00e9s ou remarquez-vous que leurs \u00e9motions entravent leur apprentissage ? Si c\u2019est le cas, vous n\u2019\u00eates pas seul. Les enseignants du monde entier sont confront\u00e9s \u00e0 ces d\u00e9fis au [&hellip;]\" \/>\n<meta property=\"og:url\" content=\"https:\/\/klf.fr\/fr\/pleine-conscience-dans-lenseignement-des-langues\/\" \/>\n<meta property=\"og:site_name\" content=\"Keep Learning French\" \/>\n<meta property=\"article:published_time\" content=\"2025-02-28T11:28:40+00:00\" \/>\n<meta property=\"article:modified_time\" content=\"2026-03-03T14:43:40+00:00\" \/>\n<meta property=\"og:image\" content=\"https:\/\/klf.fr\/wp-content\/uploads\/2025\/02\/Diseno-sin-titulo-13-400x250-1.png\" \/>\n\t<meta property=\"og:image:width\" content=\"400\" \/>\n\t<meta property=\"og:image:height\" content=\"250\" \/>\n\t<meta property=\"og:image:type\" content=\"image\/png\" \/>\n<meta name=\"author\" content=\"KeepLearningFrench\" \/>\n<meta name=\"twitter:card\" content=\"summary_large_image\" \/>\n<meta name=\"twitter:label1\" content=\"\u00c9crit par\" \/>\n\t<meta name=\"twitter:data1\" content=\"KeepLearningFrench\" \/>\n\t<meta name=\"twitter:label2\" content=\"Dur\u00e9e de lecture estim\u00e9e\" \/>\n\t<meta name=\"twitter:data2\" content=\"5 minutes\" \/>\n<script type=\"application\/ld+json\" class=\"yoast-schema-graph\">{\"@context\":\"https:\\\/\\\/schema.org\",\"@graph\":[{\"@type\":\"Article\",\"@id\":\"https:\\\/\\\/klf.fr\\\/fr\\\/pleine-conscience-dans-lenseignement-des-langues\\\/#article\",\"isPartOf\":{\"@id\":\"https:\\\/\\\/klf.fr\\\/fr\\\/pleine-conscience-dans-lenseignement-des-langues\\\/\"},\"author\":{\"name\":\"KeepLearningFrench\",\"@id\":\"https:\\\/\\\/klf.fr\\\/fr\\\/#\\\/schema\\\/person\\\/f1f70e9d81597fbc084994919b8c2594\"},\"headline\":\"Mindfulness in Education: A Proven Tool for Focus, Well-being, and Classroom Success\",\"datePublished\":\"2025-02-28T11:28:40+00:00\",\"dateModified\":\"2026-03-03T14:43:40+00:00\",\"mainEntityOfPage\":{\"@id\":\"https:\\\/\\\/klf.fr\\\/fr\\\/pleine-conscience-dans-lenseignement-des-langues\\\/\"},\"wordCount\":952,\"publisher\":{\"@id\":\"https:\\\/\\\/klf.fr\\\/fr\\\/#organization\"},\"image\":{\"@id\":\"https:\\\/\\\/klf.fr\\\/fr\\\/pleine-conscience-dans-lenseignement-des-langues\\\/#primaryimage\"},\"thumbnailUrl\":\"https:\\\/\\\/klf.fr\\\/wp-content\\\/uploads\\\/2025\\\/02\\\/Diseno-sin-titulo-13-400x250-1.png\",\"articleSection\":[\"Erasmus +\"],\"inLanguage\":\"fr-FR\",\"copyrightYear\":\"2025\",\"copyrightHolder\":{\"@id\":\"https:\\\/\\\/klf.fr\\\/#organization\"}},{\"@type\":\"WebPage\",\"@id\":\"https:\\\/\\\/klf.fr\\\/fr\\\/pleine-conscience-dans-lenseignement-des-langues\\\/\",\"url\":\"https:\\\/\\\/klf.fr\\\/fr\\\/pleine-conscience-dans-lenseignement-des-langues\\\/\",\"name\":\"Mindfulness in Education - Erasmus+\",\"isPartOf\":{\"@id\":\"https:\\\/\\\/klf.fr\\\/fr\\\/#website\"},\"primaryImageOfPage\":{\"@id\":\"https:\\\/\\\/klf.fr\\\/fr\\\/pleine-conscience-dans-lenseignement-des-langues\\\/#primaryimage\"},\"image\":{\"@id\":\"https:\\\/\\\/klf.fr\\\/fr\\\/pleine-conscience-dans-lenseignement-des-langues\\\/#primaryimage\"},\"thumbnailUrl\":\"https:\\\/\\\/klf.fr\\\/wp-content\\\/uploads\\\/2025\\\/02\\\/Diseno-sin-titulo-13-400x250-1.png\",\"datePublished\":\"2025-02-28T11:28:40+00:00\",\"dateModified\":\"2026-03-03T14:43:40+00:00\",\"breadcrumb\":{\"@id\":\"https:\\\/\\\/klf.fr\\\/fr\\\/pleine-conscience-dans-lenseignement-des-langues\\\/#breadcrumb\"},\"inLanguage\":\"fr-FR\",\"potentialAction\":[{\"@type\":\"ReadAction\",\"target\":[\"https:\\\/\\\/klf.fr\\\/fr\\\/pleine-conscience-dans-lenseignement-des-langues\\\/\"]}]},{\"@type\":\"ImageObject\",\"inLanguage\":\"fr-FR\",\"@id\":\"https:\\\/\\\/klf.fr\\\/fr\\\/pleine-conscience-dans-lenseignement-des-langues\\\/#primaryimage\",\"url\":\"https:\\\/\\\/klf.fr\\\/wp-content\\\/uploads\\\/2025\\\/02\\\/Diseno-sin-titulo-13-400x250-1.png\",\"contentUrl\":\"https:\\\/\\\/klf.fr\\\/wp-content\\\/uploads\\\/2025\\\/02\\\/Diseno-sin-titulo-13-400x250-1.png\",\"width\":400,\"height\":250,\"caption\":\"mindfulness in education erasmus course\"},{\"@type\":\"BreadcrumbList\",\"@id\":\"https:\\\/\\\/klf.fr\\\/fr\\\/pleine-conscience-dans-lenseignement-des-langues\\\/#breadcrumb\",\"itemListElement\":[{\"@type\":\"ListItem\",\"position\":1,\"name\":\"Home\",\"item\":\"https:\\\/\\\/klf.fr\\\/fr\\\/home-2\\\/\"},{\"@type\":\"ListItem\",\"position\":2,\"name\":\"Mindfulness in Education: A Proven Tool for Focus, Well-being, and Classroom Success\"}]},{\"@type\":\"WebSite\",\"@id\":\"https:\\\/\\\/klf.fr\\\/fr\\\/#website\",\"url\":\"https:\\\/\\\/klf.fr\\\/fr\\\/\",\"name\":\"Keep Learning French\",\"description\":\"Groupe d&#039;\u00e9coles de FLE en France.\",\"publisher\":{\"@id\":\"https:\\\/\\\/klf.fr\\\/fr\\\/#organization\"},\"potentialAction\":[{\"@type\":\"SearchAction\",\"target\":{\"@type\":\"EntryPoint\",\"urlTemplate\":\"https:\\\/\\\/klf.fr\\\/fr\\\/?s={search_term_string}\"},\"query-input\":{\"@type\":\"PropertyValueSpecification\",\"valueRequired\":true,\"valueName\":\"search_term_string\"}}],\"inLanguage\":\"fr-FR\"},{\"@type\":[\"Organization\",\"Place\"],\"@id\":\"https:\\\/\\\/klf.fr\\\/fr\\\/#organization\",\"name\":\"Keep Learning French\",\"url\":\"https:\\\/\\\/klf.fr\\\/fr\\\/\",\"logo\":{\"@id\":\"https:\\\/\\\/klf.fr\\\/fr\\\/pleine-conscience-dans-lenseignement-des-langues\\\/#local-main-organization-logo\"},\"image\":{\"@id\":\"https:\\\/\\\/klf.fr\\\/fr\\\/pleine-conscience-dans-lenseignement-des-langues\\\/#local-main-organization-logo\"},\"sameAs\":[\"https:\\\/\\\/linkedin.com\\\/school\\\/keep-learning-french\\\/\"],\"telephone\":[],\"openingHoursSpecification\":[{\"@type\":\"OpeningHoursSpecification\",\"dayOfWeek\":[\"Monday\",\"Tuesday\",\"Wednesday\",\"Thursday\",\"Friday\",\"Saturday\",\"Sunday\"],\"opens\":\"09:00\",\"closes\":\"17:00\"}]},{\"@type\":\"Person\",\"@id\":\"https:\\\/\\\/klf.fr\\\/fr\\\/#\\\/schema\\\/person\\\/f1f70e9d81597fbc084994919b8c2594\",\"name\":\"KeepLearningFrench\",\"image\":{\"@type\":\"ImageObject\",\"inLanguage\":\"fr-FR\",\"@id\":\"https:\\\/\\\/secure.gravatar.com\\\/avatar\\\/1aa06059600cda3e3c5670e0c113719029013ec63231c8fb860a9bc1a87c12e7?s=96&d=mm&r=g\",\"url\":\"https:\\\/\\\/secure.gravatar.com\\\/avatar\\\/1aa06059600cda3e3c5670e0c113719029013ec63231c8fb860a9bc1a87c12e7?s=96&d=mm&r=g\",\"contentUrl\":\"https:\\\/\\\/secure.gravatar.com\\\/avatar\\\/1aa06059600cda3e3c5670e0c113719029013ec63231c8fb860a9bc1a87c12e7?s=96&d=mm&r=g\",\"caption\":\"KeepLearningFrench\"},\"url\":\"https:\\\/\\\/klf.fr\\\/fr\\\/author\\\/admin11\\\/\"},{\"@type\":\"ImageObject\",\"inLanguage\":\"fr-FR\",\"@id\":\"https:\\\/\\\/klf.fr\\\/fr\\\/pleine-conscience-dans-lenseignement-des-langues\\\/#local-main-organization-logo\",\"url\":\"https:\\\/\\\/klf.fr\\\/wp-content\\\/uploads\\\/2020\\\/09\\\/klf-favicon.png\",\"contentUrl\":\"https:\\\/\\\/klf.fr\\\/wp-content\\\/uploads\\\/2020\\\/09\\\/klf-favicon.png\",\"width\":200,\"height\":200,\"caption\":\"Keep Learning French\"}]}<\/script>\n<!-- \/ Yoast SEO Premium plugin. -->","yoast_head_json":{"title":"Mindfulness in Education - Erasmus+","robots":{"index":"index","follow":"follow","max-snippet":"max-snippet:-1","max-image-preview":"max-image-preview:large","max-video-preview":"max-video-preview:-1"},"canonical":"https:\/\/klf.fr\/fr\/pleine-conscience-dans-lenseignement-des-langues\/","og_locale":"fr_FR","og_type":"article","og_title":"Mindfulness in Education: A Proven Tool for Focus, Well-being, and Classroom Success","og_description":"Qu\u2019est-ce que la pleine conscience en \u00e9ducation ? Avez-vous d\u00e9j\u00e0 ressenti du stress dans votre salle de classe ? Avez-vous du mal \u00e0 garder vos \u00e9l\u00e8ves concentr\u00e9s ou remarquez-vous que leurs \u00e9motions entravent leur apprentissage ? Si c\u2019est le cas, vous n\u2019\u00eates pas seul. Les enseignants du monde entier sont confront\u00e9s \u00e0 ces d\u00e9fis au [&hellip;]","og_url":"https:\/\/klf.fr\/fr\/pleine-conscience-dans-lenseignement-des-langues\/","og_site_name":"Keep Learning French","article_published_time":"2025-02-28T11:28:40+00:00","article_modified_time":"2026-03-03T14:43:40+00:00","og_image":[{"width":400,"height":250,"url":"https:\/\/klf.fr\/wp-content\/uploads\/2025\/02\/Diseno-sin-titulo-13-400x250-1.png","type":"image\/png"}],"author":"KeepLearningFrench","twitter_card":"summary_large_image","twitter_misc":{"\u00c9crit par":"KeepLearningFrench","Dur\u00e9e de lecture estim\u00e9e":"5 minutes"},"schema":{"@context":"https:\/\/schema.org","@graph":[{"@type":"Article","@id":"https:\/\/klf.fr\/fr\/pleine-conscience-dans-lenseignement-des-langues\/#article","isPartOf":{"@id":"https:\/\/klf.fr\/fr\/pleine-conscience-dans-lenseignement-des-langues\/"},"author":{"name":"KeepLearningFrench","@id":"https:\/\/klf.fr\/fr\/#\/schema\/person\/f1f70e9d81597fbc084994919b8c2594"},"headline":"Mindfulness in Education: A Proven Tool for Focus, Well-being, and Classroom Success","datePublished":"2025-02-28T11:28:40+00:00","dateModified":"2026-03-03T14:43:40+00:00","mainEntityOfPage":{"@id":"https:\/\/klf.fr\/fr\/pleine-conscience-dans-lenseignement-des-langues\/"},"wordCount":952,"publisher":{"@id":"https:\/\/klf.fr\/fr\/#organization"},"image":{"@id":"https:\/\/klf.fr\/fr\/pleine-conscience-dans-lenseignement-des-langues\/#primaryimage"},"thumbnailUrl":"https:\/\/klf.fr\/wp-content\/uploads\/2025\/02\/Diseno-sin-titulo-13-400x250-1.png","articleSection":["Erasmus +"],"inLanguage":"fr-FR","copyrightYear":"2025","copyrightHolder":{"@id":"https:\/\/klf.fr\/#organization"}},{"@type":"WebPage","@id":"https:\/\/klf.fr\/fr\/pleine-conscience-dans-lenseignement-des-langues\/","url":"https:\/\/klf.fr\/fr\/pleine-conscience-dans-lenseignement-des-langues\/","name":"Mindfulness in Education - Erasmus+","isPartOf":{"@id":"https:\/\/klf.fr\/fr\/#website"},"primaryImageOfPage":{"@id":"https:\/\/klf.fr\/fr\/pleine-conscience-dans-lenseignement-des-langues\/#primaryimage"},"image":{"@id":"https:\/\/klf.fr\/fr\/pleine-conscience-dans-lenseignement-des-langues\/#primaryimage"},"thumbnailUrl":"https:\/\/klf.fr\/wp-content\/uploads\/2025\/02\/Diseno-sin-titulo-13-400x250-1.png","datePublished":"2025-02-28T11:28:40+00:00","dateModified":"2026-03-03T14:43:40+00:00","breadcrumb":{"@id":"https:\/\/klf.fr\/fr\/pleine-conscience-dans-lenseignement-des-langues\/#breadcrumb"},"inLanguage":"fr-FR","potentialAction":[{"@type":"ReadAction","target":["https:\/\/klf.fr\/fr\/pleine-conscience-dans-lenseignement-des-langues\/"]}]},{"@type":"ImageObject","inLanguage":"fr-FR","@id":"https:\/\/klf.fr\/fr\/pleine-conscience-dans-lenseignement-des-langues\/#primaryimage","url":"https:\/\/klf.fr\/wp-content\/uploads\/2025\/02\/Diseno-sin-titulo-13-400x250-1.png","contentUrl":"https:\/\/klf.fr\/wp-content\/uploads\/2025\/02\/Diseno-sin-titulo-13-400x250-1.png","width":400,"height":250,"caption":"mindfulness in education erasmus course"},{"@type":"BreadcrumbList","@id":"https:\/\/klf.fr\/fr\/pleine-conscience-dans-lenseignement-des-langues\/#breadcrumb","itemListElement":[{"@type":"ListItem","position":1,"name":"Home","item":"https:\/\/klf.fr\/fr\/home-2\/"},{"@type":"ListItem","position":2,"name":"Mindfulness in Education: A Proven Tool for Focus, Well-being, and Classroom Success"}]},{"@type":"WebSite","@id":"https:\/\/klf.fr\/fr\/#website","url":"https:\/\/klf.fr\/fr\/","name":"Keep Learning French","description":"Groupe d&#039;\u00e9coles de FLE en France.","publisher":{"@id":"https:\/\/klf.fr\/fr\/#organization"},"potentialAction":[{"@type":"SearchAction","target":{"@type":"EntryPoint","urlTemplate":"https:\/\/klf.fr\/fr\/?s={search_term_string}"},"query-input":{"@type":"PropertyValueSpecification","valueRequired":true,"valueName":"search_term_string"}}],"inLanguage":"fr-FR"},{"@type":["Organization","Place"],"@id":"https:\/\/klf.fr\/fr\/#organization","name":"Keep Learning French","url":"https:\/\/klf.fr\/fr\/","logo":{"@id":"https:\/\/klf.fr\/fr\/pleine-conscience-dans-lenseignement-des-langues\/#local-main-organization-logo"},"image":{"@id":"https:\/\/klf.fr\/fr\/pleine-conscience-dans-lenseignement-des-langues\/#local-main-organization-logo"},"sameAs":["https:\/\/linkedin.com\/school\/keep-learning-french\/"],"telephone":[],"openingHoursSpecification":[{"@type":"OpeningHoursSpecification","dayOfWeek":["Monday","Tuesday","Wednesday","Thursday","Friday","Saturday","Sunday"],"opens":"09:00","closes":"17:00"}]},{"@type":"Person","@id":"https:\/\/klf.fr\/fr\/#\/schema\/person\/f1f70e9d81597fbc084994919b8c2594","name":"KeepLearningFrench","image":{"@type":"ImageObject","inLanguage":"fr-FR","@id":"https:\/\/secure.gravatar.com\/avatar\/1aa06059600cda3e3c5670e0c113719029013ec63231c8fb860a9bc1a87c12e7?s=96&d=mm&r=g","url":"https:\/\/secure.gravatar.com\/avatar\/1aa06059600cda3e3c5670e0c113719029013ec63231c8fb860a9bc1a87c12e7?s=96&d=mm&r=g","contentUrl":"https:\/\/secure.gravatar.com\/avatar\/1aa06059600cda3e3c5670e0c113719029013ec63231c8fb860a9bc1a87c12e7?s=96&d=mm&r=g","caption":"KeepLearningFrench"},"url":"https:\/\/klf.fr\/fr\/author\/admin11\/"},{"@type":"ImageObject","inLanguage":"fr-FR","@id":"https:\/\/klf.fr\/fr\/pleine-conscience-dans-lenseignement-des-langues\/#local-main-organization-logo","url":"https:\/\/klf.fr\/wp-content\/uploads\/2020\/09\/klf-favicon.png","contentUrl":"https:\/\/klf.fr\/wp-content\/uploads\/2020\/09\/klf-favicon.png","width":200,"height":200,"caption":"Keep Learning French"}]}},"_links":{"self":[{"href":"https:\/\/klf.fr\/fr\/wp-json\/wp\/v2\/posts\/34455","targetHints":{"allow":["GET"]}}],"collection":[{"href":"https:\/\/klf.fr\/fr\/wp-json\/wp\/v2\/posts"}],"about":[{"href":"https:\/\/klf.fr\/fr\/wp-json\/wp\/v2\/types\/post"}],"author":[{"embeddable":true,"href":"https:\/\/klf.fr\/fr\/wp-json\/wp\/v2\/users\/11"}],"replies":[{"embeddable":true,"href":"https:\/\/klf.fr\/fr\/wp-json\/wp\/v2\/comments?post=34455"}],"version-history":[{"count":0,"href":"https:\/\/klf.fr\/fr\/wp-json\/wp\/v2\/posts\/34455\/revisions"}],"wp:featuredmedia":[{"embeddable":true,"href":"https:\/\/klf.fr\/fr\/wp-json\/wp\/v2\/media\/34450"}],"wp:attachment":[{"href":"https:\/\/klf.fr\/fr\/wp-json\/wp\/v2\/media?parent=34455"}],"wp:term":[{"taxonomy":"category","embeddable":true,"href":"https:\/\/klf.fr\/fr\/wp-json\/wp\/v2\/categories?post=34455"},{"taxonomy":"post_tag","embeddable":true,"href":"https:\/\/klf.fr\/fr\/wp-json\/wp\/v2\/tags?post=34455"},{"taxonomy":"post_folder","embeddable":true,"href":"https:\/\/klf.fr\/fr\/wp-json\/wp\/v2\/post_folder?post=34455"}],"curies":[{"name":"wp","href":"https:\/\/api.w.org\/{rel}","templated":true}]}}